{"id":12029,"date":"2025-07-26T14:10:01","date_gmt":"2025-07-26T13:10:01","guid":{"rendered":"https:\/\/www.quintavivaavida.pt\/blog\/porto-e-delicias-sem-gluten-do-pastel-de-nata-a-vista-sobre-o-douro\/"},"modified":"2026-08-15T08:39:44","modified_gmt":"2026-08-15T07:39:44","slug":"porto-e-delicias-sem-gluten-do-pastel-de-nata-a-vista-sobre-o-douro","status":"publish","type":"post","link":"https:\/\/www.quintavivaavida.pt\/pt-pt\/blog\/porto-e-delicias-sem-gluten-do-pastel-de-nata-a-vista-sobre-o-douro\/","title":{"rendered":"Porto e del\u00edcias sem gl\u00faten: do pastel de nata \u00e0 vista sobre o Douro"},"content":{"rendered":"\t\t<div data-elementor-type=\"wp-post\" data-elementor-id=\"12029\" class=\"elementor elementor-12029 elementor-3573\" data-elementor-post-type=\"post\">\n\t\t\t\t<div class=\"elementor-element elementor-element-13c73186 e-flex e-con-boxed e-con e-parent\" data-id=\"13c73186\" data-element_type=\"container\" data-e-type=\"container\">\n\t\t\t\t\t<div class=\"e-con-inner\">\n\t\t\t\t<div class=\"elementor-element elementor-element-44f38fc7 elementor-widget elementor-widget-text-editor\" data-id=\"44f38fc7\" data-element_type=\"widget\" data-e-type=\"widget\" data-widget_type=\"text-editor.default\">\n\t\t\t\t<div class=\"elementor-widget-container\">\n\t\t\t\t\t\t\t\t\t<h1 class=\"wp-block-heading\">Porto e del\u00edcias sem gl\u00faten: do pastel de nata \u00e0 vista sobre o Douro<\/h1>\n<p><\/p>\n<p>Durante a tua estadia no nosso <strong data-start=\"214\" data-end=\"245\">B&B sem gl\u00faten em Portugal<\/strong>, n\u00e3o podes deixar de fazer uma <strong data-start=\"254\" data-end=\"276\">visita de um dia ao Porto<\/strong>. A partir da Quinta Viva a Vida, chegas l\u00e1 numa hora de carro. Esta cidade encantadora \u00e0s margens do Douro est\u00e1 repleta de cor, cultura e comida deliciosa \u2014 mesmo se estiveres <strong data-start=\"440\" data-end=\"460\">a viajar sem gl\u00faten<\/strong>. Partilhamos os nossos locais favoritos e dicas sem gl\u00faten para um dia descontra\u00eddo no cora\u00e7\u00e3o do Norte de Portugal. Felizmente, o Porto est\u00e1 surpreendentemente bem preparado para receber viajantes sem gl\u00faten \u2013 e sim, h\u00e1 at\u00e9 um s\u00edtio onde podes comer <strong>pastel de nata sem gl\u00faten<\/strong>.    <\/p>\n<p> <\/p>\n<p><\/p>\n<h2 class=\"wp-block-heading\">Restaurantes sem gl\u00faten no Porto<\/h2>\n<p><\/p>\n<p>Percorremos a cidade e test\u00e1mos tudo, e estes s\u00e3o os s\u00edtios onde <strong>podes comer com seguran\u00e7a e sem preocupa\u00e7\u00f5es<\/strong>:<\/p>\n<p><\/p>\n<p>1. <strong>Com Cuore<\/strong><\/p>\n<p><\/p>\n<p>Um restaurante totalmente sem gl\u00faten, com influ\u00eancias italianas e portuguesas. Pensa em pizzas com massa fina e estaladi\u00e7a, massas feitas na hora e sobremesas. <\/p>\n<p><\/p>\n<p>\ud83d\udccd Rua do Almada, n.\u00ba 294, Porto<br\/>\ud83d\udcac Tudo \u00e9 100% sem gl\u00faten \u2013 por isso, n\u00e3o h\u00e1 contamina\u00e7\u00e3o cruzada!<\/p>\n<p><\/p>\n<p>2. <strong>daTerra \u2013 Buffet vegetariano e vegan<\/strong><\/p>\n<p><\/p>\n<p>N\u00e3o \u00e9 totalmente sem gl\u00faten, mas <strong>est\u00e1 bem identificado<\/strong> e o pessoal \u00e9 fant\u00e1stico. Explicam-te cada prato e levam as alergias a s\u00e9rio. B\u00f3nus: \u00e9 saud\u00e1vel e surpreendentemente saboroso.  <\/p>\n<p><\/p>\n<p>\ud83d\udccd V\u00e1rios locais no Porto<br\/>\ud83d\udca1 N\u00e3o te esque\u00e7as de perguntar quais s\u00e3o as op\u00e7\u00f5es sem gl\u00faten do dia.<\/p>\n<p><\/p>\n<p class=\"wp-block-heading\">E ent\u00e3o\u2026 pastel de nata sem gl\u00faten? SIM <\/p>\n<p><\/p>\n<p>Se pensavas que ias ter de ficar sem este cl\u00e1ssico, pensa de novo. Na <strong>Casa Capela<\/strong> servem <em><strong>past\u00e9is de nata sem gl\u00faten<\/strong><\/em> \u2013 e acredita: s\u00e3o divinos. <\/p>\n<p><\/p>\n<p>\ud83d\udccd Casa Capela \u2013 A P\u00e9rola do Bolh\u00e3o<\/p>\n<p><\/p>\n<p>Uma padaria hist\u00f3rica com uma oferta moderna. T\u00eam uma pequena sele\u00e7\u00e3o de iguarias sem gl\u00faten, incluindo o t\u00e3o cobi\u00e7ado pastel de nata. <\/p>\n<p><\/p>\n<p>Morada: Rua Formosa, n.\u00ba 279, perto do Mercado do Bolh\u00e3o<\/p>\n<p><\/p>\n<p>\ud83d\udcac Pede explicitamente o <em>\u00abpastel de nata sem gl\u00faten\u00bb<\/em> \u2013 muitas vezes v\u00eam embalados \u00e0 parte!<\/p>\n<p> <\/p>\n<p><\/p>\n<h2 class=\"wp-block-heading\">As nossas dicas para um Porto sem gl\u00faten<\/h2>\n<p><\/p>\n<p>Leva <strong>contigo<\/strong> um <strong>cart\u00e3o de tradu\u00e7\u00e3o sem gl\u00faten em portugu\u00eas<\/strong><\/p>\n<p><\/p>\n<p>O Google Maps \u00e9 o teu amigo \u2013 pesquisa: <em>\u00abgluten free Porto\u00bb<\/em><\/p>\n<p><\/p>\n<p>Pergunta <strong>sempre<\/strong> se h\u00e1 risco de contamina\u00e7\u00e3o cruzada \u2013 mesmo nos pratos \u00absem gl\u00faten\u00bb<\/p>\n<p><\/p>\n<p>Visita tamb\u00e9m <strong>padarias sem gl\u00faten<\/strong>, como <em>a Maria Lu\u00edsa Padaria Artesanal Sem Gl\u00faten<\/em>, para comprar p\u00e3o e petiscos para levar!<\/p>\n<p> <\/p>\n<p><\/p>\n<h2 class=\"wp-block-heading\">E depois?<\/h2>\n<p><\/p>\n<p>Passear pela Ribeira com um pastel de nata na m\u00e3o, fazer um passeio de barco pelo Douro ou simplesmente observar as pessoas numa esplanada. Porque as f\u00e9rias t\u00eam <strong>mesmo<\/strong> de ser <strong>f\u00e9rias<\/strong> \u2013 mesmo que sigas uma dieta sem gl\u00faten. <\/p>\n<p> <\/p>\n<p><\/p>\n<h2 class=\"wp-block-heading\">O Porto a partir do nosso B&B?<\/h2>\n<p><\/p>\n<p>O Porto fica a pouco mais de uma hora de carro do nosso B&B sem gl\u00faten perto de Coimbra. \u00c9 perfeito para uma viagem de um dia ou para passar uma noite fora. Temos todo o gosto em dar-te uma lista com todos os nossos locais favoritos sem gl\u00faten.  <\/p>\n<p><\/p>\t\t\t\t\t\t\t\t<\/div>\n\t\t\t\t<\/div>\n\t\t\t\t\t<\/div>\n\t\t\t\t<\/div>\n\t\t\t\t<\/div>\n\t\t","protected":false},"excerpt":{"rendered":"<p>Porto e del\u00edcias sem gl\u00faten: do pastel de nata \u00e0 vista sobre o Douro Durante a tua estadia no nosso B&#038;B sem gl\u00faten em Portugal, n\u00e3o podes deixar de fazer uma visita de um dia ao Porto. A partir da Quinta Viva a Vida, chegas l\u00e1 numa hora de carro. Esta cidade encantadora \u00e0s margens<\/p>\n","protected":false},"author":1,"featured_media":12003,"comment_status":"open","ping_status":"open","sticky":false,"template":"","format":"standard","meta":{"solace_meta_sidebar":"","solace_meta_container":"","solace_meta_enable_content_width":"","solace_meta_content_width":0,"solace_meta_title_alignment":"","solace_meta_author_avatar":"","solace_post_elements_order":"","solace_meta_disable_header":"","solace_meta_disable_footer":"","solace_meta_disable_title":"","footnotes":""},"categories":[72],"tags":[],"class_list":["post-12029","post","type-post","status-publish","format-standard","has-post-thumbnail","hentry","category-doenca-celiaca-e-alimentacao-sem-gluten-em-portugal"],"yoast_head":"<!-- This site is optimized with the Yoast SEO plugin v28.2 - https:\/\/yoast.com\/product\/yoast-seo-wordpress\/ -->\n<title>Excurs\u00e3o de um dia ao Porto \u2013 descobre o encanto do Norte de Portugal<\/title>\n<meta name=\"description\" content=\"Descobre o Porto durante as tuas f\u00e9rias sem gl\u00faten em Portugal. Dicas para um dia repleto de ambiente, cultura e refei\u00e7\u00f5es sem gl\u00faten seguras nesta cidade \u00e0 beira do Douro.\" \/>\n<meta name=\"robots\" content=\"index, follow, max-snippet:-1, max-image-preview:large, max-video-preview:-1\" \/>\n<link rel=\"canonical\" href=\"https:\/\/www.quintavivaavida.pt\/pt-pt\/blog\/porto-e-delicias-sem-gluten-do-pastel-de-nata-a-vista-sobre-o-douro\/\" \/>\n<meta property=\"og:locale\" content=\"pt_PT\" \/>\n<meta property=\"og:type\" content=\"article\" \/>\n<meta property=\"og:title\" content=\"Excurs\u00e3o de um dia ao Porto \u2013 descobre o encanto do Norte de Portugal\" \/>\n<meta property=\"og:description\" content=\"Descobre o Porto durante as tuas f\u00e9rias sem gl\u00faten em Portugal. Dicas para um dia repleto de ambiente, cultura e refei\u00e7\u00f5es sem gl\u00faten seguras nesta cidade \u00e0 beira do Douro.\" \/>\n<meta property=\"og:url\" content=\"https:\/\/www.quintavivaavida.pt\/pt-pt\/blog\/porto-e-delicias-sem-gluten-do-pastel-de-nata-a-vista-sobre-o-douro\/\" \/>\n<meta property=\"og:site_name\" content=\"Quinta Viva a Vida - Glutenvrije vakantie in Portugal\" \/>\n<meta property=\"article:publisher\" content=\"https:\/\/www.facebook.com\/glutenvrijportugal\" \/>\n<meta property=\"article:published_time\" content=\"2025-07-26T13:10:01+00:00\" \/>\n<meta property=\"article:modified_time\" content=\"2026-08-15T07:39:44+00:00\" \/>\n<meta property=\"og:image\" content=\"https:\/\/www.quintavivaavida.pt\/wp-content\/uploads\/2025\/10\/dom-luis-brug-porto-douro-portugal.webp.webp\" \/>\n\t<meta property=\"og:image:width\" content=\"1920\" \/>\n\t<meta property=\"og:image:height\" content=\"1280\" \/>\n\t<meta property=\"og:image:type\" content=\"image\/webp\" \/>\n<meta name=\"author\" content=\"PSchouten\" \/>\n<meta name=\"twitter:card\" content=\"summary_large_image\" \/>\n<meta name=\"twitter:label1\" content=\"Escrito por\" \/>\n\t<meta name=\"twitter:data1\" content=\"PSchouten\" \/>\n\t<meta name=\"twitter:label2\" content=\"Tempo estimado de leitura\" \/>\n\t<meta name=\"twitter:data2\" content=\"3 minutos\" \/>\n<script type=\"application\/ld+json\" class=\"yoast-schema-graph\">{\"@context\":\"https:\\\/\\\/schema.org\",\"@graph\":[{\"@type\":\"Article\",\"@id\":\"https:\\\/\\\/www.quintavivaavida.pt\\\/pt-pt\\\/blog\\\/porto-e-delicias-sem-gluten-do-pastel-de-nata-a-vista-sobre-o-douro\\\/#article\",\"isPartOf\":{\"@id\":\"https:\\\/\\\/www.quintavivaavida.pt\\\/pt-pt\\\/blog\\\/porto-e-delicias-sem-gluten-do-pastel-de-nata-a-vista-sobre-o-douro\\\/\"},\"author\":{\"name\":\"PSchouten\",\"@id\":\"https:\\\/\\\/www.quintavivaavida.pt\\\/pt-pt\\\/#\\\/schema\\\/person\\\/91b33815eb5890e91cd403ad0fea9a00\"},\"headline\":\"Porto e del\u00edcias sem gl\u00faten: do pastel de nata \u00e0 vista sobre o Douro\",\"datePublished\":\"2025-07-26T13:10:01+00:00\",\"dateModified\":\"2026-08-15T07:39:44+00:00\",\"mainEntityOfPage\":{\"@id\":\"https:\\\/\\\/www.quintavivaavida.pt\\\/pt-pt\\\/blog\\\/porto-e-delicias-sem-gluten-do-pastel-de-nata-a-vista-sobre-o-douro\\\/\"},\"wordCount\":558,\"commentCount\":0,\"publisher\":{\"@id\":\"https:\\\/\\\/www.quintavivaavida.pt\\\/pt-pt\\\/#organization\"},\"image\":{\"@id\":\"https:\\\/\\\/www.quintavivaavida.pt\\\/pt-pt\\\/blog\\\/porto-e-delicias-sem-gluten-do-pastel-de-nata-a-vista-sobre-o-douro\\\/#primaryimage\"},\"thumbnailUrl\":\"https:\\\/\\\/www.quintavivaavida.pt\\\/wp-content\\\/uploads\\\/2025\\\/10\\\/dom-luis-brug-porto-douro-portugal.webp.webp\",\"articleSection\":[\"Doen\u00e7a cel\u00edaca e alimenta\u00e7\u00e3o sem gl\u00faten em Portugal\"],\"inLanguage\":\"pt-PT\",\"potentialAction\":[{\"@type\":\"CommentAction\",\"name\":\"Comment\",\"target\":[\"https:\\\/\\\/www.quintavivaavida.pt\\\/pt-pt\\\/blog\\\/porto-e-delicias-sem-gluten-do-pastel-de-nata-a-vista-sobre-o-douro\\\/#respond\"]}]},{\"@type\":\"WebPage\",\"@id\":\"https:\\\/\\\/www.quintavivaavida.pt\\\/pt-pt\\\/blog\\\/porto-e-delicias-sem-gluten-do-pastel-de-nata-a-vista-sobre-o-douro\\\/\",\"url\":\"https:\\\/\\\/www.quintavivaavida.pt\\\/pt-pt\\\/blog\\\/porto-e-delicias-sem-gluten-do-pastel-de-nata-a-vista-sobre-o-douro\\\/\",\"name\":\"Excurs\u00e3o de um dia ao Porto \u2013 descobre o encanto do Norte de Portugal\",\"isPartOf\":{\"@id\":\"https:\\\/\\\/www.quintavivaavida.pt\\\/pt-pt\\\/#website\"},\"primaryImageOfPage\":{\"@id\":\"https:\\\/\\\/www.quintavivaavida.pt\\\/pt-pt\\\/blog\\\/porto-e-delicias-sem-gluten-do-pastel-de-nata-a-vista-sobre-o-douro\\\/#primaryimage\"},\"image\":{\"@id\":\"https:\\\/\\\/www.quintavivaavida.pt\\\/pt-pt\\\/blog\\\/porto-e-delicias-sem-gluten-do-pastel-de-nata-a-vista-sobre-o-douro\\\/#primaryimage\"},\"thumbnailUrl\":\"https:\\\/\\\/www.quintavivaavida.pt\\\/wp-content\\\/uploads\\\/2025\\\/10\\\/dom-luis-brug-porto-douro-portugal.webp.webp\",\"datePublished\":\"2025-07-26T13:10:01+00:00\",\"dateModified\":\"2026-08-15T07:39:44+00:00\",\"description\":\"Descobre o Porto durante as tuas f\u00e9rias sem gl\u00faten em Portugal. Dicas para um dia repleto de ambiente, cultura e refei\u00e7\u00f5es sem gl\u00faten seguras nesta cidade \u00e0 beira do Douro.\",\"breadcrumb\":{\"@id\":\"https:\\\/\\\/www.quintavivaavida.pt\\\/pt-pt\\\/blog\\\/porto-e-delicias-sem-gluten-do-pastel-de-nata-a-vista-sobre-o-douro\\\/#breadcrumb\"},\"inLanguage\":\"pt-PT\",\"potentialAction\":[{\"@type\":\"ReadAction\",\"target\":[\"https:\\\/\\\/www.quintavivaavida.pt\\\/pt-pt\\\/blog\\\/porto-e-delicias-sem-gluten-do-pastel-de-nata-a-vista-sobre-o-douro\\\/\"]}]},{\"@type\":\"ImageObject\",\"inLanguage\":\"pt-PT\",\"@id\":\"https:\\\/\\\/www.quintavivaavida.pt\\\/pt-pt\\\/blog\\\/porto-e-delicias-sem-gluten-do-pastel-de-nata-a-vista-sobre-o-douro\\\/#primaryimage\",\"url\":\"https:\\\/\\\/www.quintavivaavida.pt\\\/wp-content\\\/uploads\\\/2025\\\/10\\\/dom-luis-brug-porto-douro-portugal.webp.webp\",\"contentUrl\":\"https:\\\/\\\/www.quintavivaavida.pt\\\/wp-content\\\/uploads\\\/2025\\\/10\\\/dom-luis-brug-porto-douro-portugal.webp.webp\",\"width\":1920,\"height\":1280,\"caption\":\"A ic\u00f3nica Ponte Dom Lu\u00eds I no Porto \u2013 o s\u00edmbolo da cidade e um miradouro fant\u00e1stico sobre o Douro\"},{\"@type\":\"BreadcrumbList\",\"@id\":\"https:\\\/\\\/www.quintavivaavida.pt\\\/pt-pt\\\/blog\\\/porto-e-delicias-sem-gluten-do-pastel-de-nata-a-vista-sobre-o-douro\\\/#breadcrumb\",\"itemListElement\":[{\"@type\":\"ListItem\",\"position\":1,\"name\":\"In\u00edcio\",\"item\":\"https:\\\/\\\/www.quintavivaavida.pt\\\/pt-pt\\\/passar-ferias-no-norte-de-portugal-quinta-viva-a-vida\\\/\"},{\"@type\":\"ListItem\",\"position\":2,\"name\":\"Porto sem gl\u00faten\"}]},{\"@type\":\"WebSite\",\"@id\":\"https:\\\/\\\/www.quintavivaavida.pt\\\/pt-pt\\\/#website\",\"url\":\"https:\\\/\\\/www.quintavivaavida.pt\\\/pt-pt\\\/\",\"name\":\"Gluttenvrije Vakantie in Portugal | Quinta Viva a Vida\",\"description\":\"Een 100% glutenvrije vakantieplek in Noord-Portugal, waar mensen met coeliakie en hun gezin zorgeloos kunnen genieten.\",\"publisher\":{\"@id\":\"https:\\\/\\\/www.quintavivaavida.pt\\\/pt-pt\\\/#organization\"},\"potentialAction\":[{\"@type\":\"SearchAction\",\"target\":{\"@type\":\"EntryPoint\",\"urlTemplate\":\"https:\\\/\\\/www.quintavivaavida.pt\\\/pt-pt\\\/?s={search_term_string}\"},\"query-input\":{\"@type\":\"PropertyValueSpecification\",\"valueRequired\":true,\"valueName\":\"search_term_string\"}}],\"inLanguage\":\"pt-PT\"},{\"@type\":\"Organization\",\"@id\":\"https:\\\/\\\/www.quintavivaavida.pt\\\/pt-pt\\\/#organization\",\"name\":\"Quinta Nosso Sohno\",\"url\":\"https:\\\/\\\/www.quintavivaavida.pt\\\/pt-pt\\\/\",\"logo\":{\"@type\":\"ImageObject\",\"inLanguage\":\"pt-PT\",\"@id\":\"https:\\\/\\\/www.quintavivaavida.pt\\\/pt-pt\\\/#\\\/schema\\\/logo\\\/image\\\/\",\"url\":\"\",\"contentUrl\":\"\",\"caption\":\"Quinta Nosso Sohno\"},\"image\":{\"@id\":\"https:\\\/\\\/www.quintavivaavida.pt\\\/pt-pt\\\/#\\\/schema\\\/logo\\\/image\\\/\"},\"sameAs\":[\"https:\\\/\\\/www.facebook.com\\\/glutenvrijportugal\",\"https:\\\/\\\/www.instagram.com\\\/glutenvrijebenbinportugal\\\/\"]},{\"@type\":\"Person\",\"@id\":\"https:\\\/\\\/www.quintavivaavida.pt\\\/pt-pt\\\/#\\\/schema\\\/person\\\/91b33815eb5890e91cd403ad0fea9a00\",\"name\":\"PSchouten\",\"image\":{\"@type\":\"ImageObject\",\"inLanguage\":\"pt-PT\",\"@id\":\"https:\\\/\\\/secure.gravatar.com\\\/avatar\\\/846ffc2a29ad17bfdddbf0efa1c92885adb920eec14ca0dbbc3cd15063b0d4e0?s=96&d=mm&r=g\",\"url\":\"https:\\\/\\\/secure.gravatar.com\\\/avatar\\\/846ffc2a29ad17bfdddbf0efa1c92885adb920eec14ca0dbbc3cd15063b0d4e0?s=96&d=mm&r=g\",\"contentUrl\":\"https:\\\/\\\/secure.gravatar.com\\\/avatar\\\/846ffc2a29ad17bfdddbf0efa1c92885adb920eec14ca0dbbc3cd15063b0d4e0?s=96&d=mm&r=g\",\"caption\":\"PSchouten\"},\"sameAs\":[\"https:\\\/\\\/quintavivaavida.pt\"],\"url\":\"https:\\\/\\\/www.quintavivaavida.pt\\\/pt-pt\\\/blog\\\/author\\\/pschouten\\\/\"}]}<\/script>\n<!-- \/ Yoast SEO plugin. -->","yoast_head_json":{"title":"Excurs\u00e3o de um dia ao Porto \u2013 descobre o encanto do Norte de Portugal","description":"Descobre o Porto durante as tuas f\u00e9rias sem gl\u00faten em Portugal. Dicas para um dia repleto de ambiente, cultura e refei\u00e7\u00f5es sem gl\u00faten seguras nesta cidade \u00e0 beira do Douro.","robots":{"index":"index","follow":"follow","max-snippet":"max-snippet:-1","max-image-preview":"max-image-preview:large","max-video-preview":"max-video-preview:-1"},"canonical":"https:\/\/www.quintavivaavida.pt\/pt-pt\/blog\/porto-e-delicias-sem-gluten-do-pastel-de-nata-a-vista-sobre-o-douro\/","og_locale":"pt_PT","og_type":"article","og_title":"Excurs\u00e3o de um dia ao Porto \u2013 descobre o encanto do Norte de Portugal","og_description":"Descobre o Porto durante as tuas f\u00e9rias sem gl\u00faten em Portugal. Dicas para um dia repleto de ambiente, cultura e refei\u00e7\u00f5es sem gl\u00faten seguras nesta cidade \u00e0 beira do Douro.","og_url":"https:\/\/www.quintavivaavida.pt\/pt-pt\/blog\/porto-e-delicias-sem-gluten-do-pastel-de-nata-a-vista-sobre-o-douro\/","og_site_name":"Quinta Viva a Vida - Glutenvrije vakantie in Portugal","article_publisher":"https:\/\/www.facebook.com\/glutenvrijportugal","article_published_time":"2025-07-26T13:10:01+00:00","article_modified_time":"2026-08-15T07:39:44+00:00","og_image":[{"width":1920,"height":1280,"url":"https:\/\/www.quintavivaavida.pt\/wp-content\/uploads\/2025\/10\/dom-luis-brug-porto-douro-portugal.webp.webp","type":"image\/webp"}],"author":"PSchouten","twitter_card":"summary_large_image","twitter_misc":{"Escrito por":"PSchouten","Tempo estimado de leitura":"3 minutos"},"schema":{"@context":"https:\/\/schema.org","@graph":[{"@type":"Article","@id":"https:\/\/www.quintavivaavida.pt\/pt-pt\/blog\/porto-e-delicias-sem-gluten-do-pastel-de-nata-a-vista-sobre-o-douro\/#article","isPartOf":{"@id":"https:\/\/www.quintavivaavida.pt\/pt-pt\/blog\/porto-e-delicias-sem-gluten-do-pastel-de-nata-a-vista-sobre-o-douro\/"},"author":{"name":"PSchouten","@id":"https:\/\/www.quintavivaavida.pt\/pt-pt\/#\/schema\/person\/91b33815eb5890e91cd403ad0fea9a00"},"headline":"Porto e del\u00edcias sem gl\u00faten: do pastel de nata \u00e0 vista sobre o Douro","datePublished":"2025-07-26T13:10:01+00:00","dateModified":"2026-08-15T07:39:44+00:00","mainEntityOfPage":{"@id":"https:\/\/www.quintavivaavida.pt\/pt-pt\/blog\/porto-e-delicias-sem-gluten-do-pastel-de-nata-a-vista-sobre-o-douro\/"},"wordCount":558,"commentCount":0,"publisher":{"@id":"https:\/\/www.quintavivaavida.pt\/pt-pt\/#organization"},"image":{"@id":"https:\/\/www.quintavivaavida.pt\/pt-pt\/blog\/porto-e-delicias-sem-gluten-do-pastel-de-nata-a-vista-sobre-o-douro\/#primaryimage"},"thumbnailUrl":"https:\/\/www.quintavivaavida.pt\/wp-content\/uploads\/2025\/10\/dom-luis-brug-porto-douro-portugal.webp.webp","articleSection":["Doen\u00e7a cel\u00edaca e alimenta\u00e7\u00e3o sem gl\u00faten em Portugal"],"inLanguage":"pt-PT","potentialAction":[{"@type":"CommentAction","name":"Comment","target":["https:\/\/www.quintavivaavida.pt\/pt-pt\/blog\/porto-e-delicias-sem-gluten-do-pastel-de-nata-a-vista-sobre-o-douro\/#respond"]}]},{"@type":"WebPage","@id":"https:\/\/www.quintavivaavida.pt\/pt-pt\/blog\/porto-e-delicias-sem-gluten-do-pastel-de-nata-a-vista-sobre-o-douro\/","url":"https:\/\/www.quintavivaavida.pt\/pt-pt\/blog\/porto-e-delicias-sem-gluten-do-pastel-de-nata-a-vista-sobre-o-douro\/","name":"Excurs\u00e3o de um dia ao Porto \u2013 descobre o encanto do Norte de Portugal","isPartOf":{"@id":"https:\/\/www.quintavivaavida.pt\/pt-pt\/#website"},"primaryImageOfPage":{"@id":"https:\/\/www.quintavivaavida.pt\/pt-pt\/blog\/porto-e-delicias-sem-gluten-do-pastel-de-nata-a-vista-sobre-o-douro\/#primaryimage"},"image":{"@id":"https:\/\/www.quintavivaavida.pt\/pt-pt\/blog\/porto-e-delicias-sem-gluten-do-pastel-de-nata-a-vista-sobre-o-douro\/#primaryimage"},"thumbnailUrl":"https:\/\/www.quintavivaavida.pt\/wp-content\/uploads\/2025\/10\/dom-luis-brug-porto-douro-portugal.webp.webp","datePublished":"2025-07-26T13:10:01+00:00","dateModified":"2026-08-15T07:39:44+00:00","description":"Descobre o Porto durante as tuas f\u00e9rias sem gl\u00faten em Portugal. Dicas para um dia repleto de ambiente, cultura e refei\u00e7\u00f5es sem gl\u00faten seguras nesta cidade \u00e0 beira do Douro.","breadcrumb":{"@id":"https:\/\/www.quintavivaavida.pt\/pt-pt\/blog\/porto-e-delicias-sem-gluten-do-pastel-de-nata-a-vista-sobre-o-douro\/#breadcrumb"},"inLanguage":"pt-PT","potentialAction":[{"@type":"ReadAction","target":["https:\/\/www.quintavivaavida.pt\/pt-pt\/blog\/porto-e-delicias-sem-gluten-do-pastel-de-nata-a-vista-sobre-o-douro\/"]}]},{"@type":"ImageObject","inLanguage":"pt-PT","@id":"https:\/\/www.quintavivaavida.pt\/pt-pt\/blog\/porto-e-delicias-sem-gluten-do-pastel-de-nata-a-vista-sobre-o-douro\/#primaryimage","url":"https:\/\/www.quintavivaavida.pt\/wp-content\/uploads\/2025\/10\/dom-luis-brug-porto-douro-portugal.webp.webp","contentUrl":"https:\/\/www.quintavivaavida.pt\/wp-content\/uploads\/2025\/10\/dom-luis-brug-porto-douro-portugal.webp.webp","width":1920,"height":1280,"caption":"A ic\u00f3nica Ponte Dom Lu\u00eds I no Porto \u2013 o s\u00edmbolo da cidade e um miradouro fant\u00e1stico sobre o Douro"},{"@type":"BreadcrumbList","@id":"https:\/\/www.quintavivaavida.pt\/pt-pt\/blog\/porto-e-delicias-sem-gluten-do-pastel-de-nata-a-vista-sobre-o-douro\/#breadcrumb","itemListElement":[{"@type":"ListItem","position":1,"name":"In\u00edcio","item":"https:\/\/www.quintavivaavida.pt\/pt-pt\/passar-ferias-no-norte-de-portugal-quinta-viva-a-vida\/"},{"@type":"ListItem","position":2,"name":"Porto sem gl\u00faten"}]},{"@type":"WebSite","@id":"https:\/\/www.quintavivaavida.pt\/pt-pt\/#website","url":"https:\/\/www.quintavivaavida.pt\/pt-pt\/","name":"Gluttenvrije Vakantie in Portugal | Quinta Viva a Vida","description":"Een 100% glutenvrije vakantieplek in Noord-Portugal, waar mensen met coeliakie en hun gezin zorgeloos kunnen genieten.","publisher":{"@id":"https:\/\/www.quintavivaavida.pt\/pt-pt\/#organization"},"potentialAction":[{"@type":"SearchAction","target":{"@type":"EntryPoint","urlTemplate":"https:\/\/www.quintavivaavida.pt\/pt-pt\/?s={search_term_string}"},"query-input":{"@type":"PropertyValueSpecification","valueRequired":true,"valueName":"search_term_string"}}],"inLanguage":"pt-PT"},{"@type":"Organization","@id":"https:\/\/www.quintavivaavida.pt\/pt-pt\/#organization","name":"Quinta Nosso Sohno","url":"https:\/\/www.quintavivaavida.pt\/pt-pt\/","logo":{"@type":"ImageObject","inLanguage":"pt-PT","@id":"https:\/\/www.quintavivaavida.pt\/pt-pt\/#\/schema\/logo\/image\/","url":"","contentUrl":"","caption":"Quinta Nosso Sohno"},"image":{"@id":"https:\/\/www.quintavivaavida.pt\/pt-pt\/#\/schema\/logo\/image\/"},"sameAs":["https:\/\/www.facebook.com\/glutenvrijportugal","https:\/\/www.instagram.com\/glutenvrijebenbinportugal\/"]},{"@type":"Person","@id":"https:\/\/www.quintavivaavida.pt\/pt-pt\/#\/schema\/person\/91b33815eb5890e91cd403ad0fea9a00","name":"PSchouten","image":{"@type":"ImageObject","inLanguage":"pt-PT","@id":"https:\/\/secure.gravatar.com\/avatar\/846ffc2a29ad17bfdddbf0efa1c92885adb920eec14ca0dbbc3cd15063b0d4e0?s=96&d=mm&r=g","url":"https:\/\/secure.gravatar.com\/avatar\/846ffc2a29ad17bfdddbf0efa1c92885adb920eec14ca0dbbc3cd15063b0d4e0?s=96&d=mm&r=g","contentUrl":"https:\/\/secure.gravatar.com\/avatar\/846ffc2a29ad17bfdddbf0efa1c92885adb920eec14ca0dbbc3cd15063b0d4e0?s=96&d=mm&r=g","caption":"PSchouten"},"sameAs":["https:\/\/quintavivaavida.pt"],"url":"https:\/\/www.quintavivaavida.pt\/pt-pt\/blog\/author\/pschouten\/"}]}},"_links":{"self":[{"href":"https:\/\/www.quintavivaavida.pt\/pt-pt\/wp-json\/wp\/v2\/posts\/12029","targetHints":{"allow":["GET"]}}],"collection":[{"href":"https:\/\/www.quintavivaavida.pt\/pt-pt\/wp-json\/wp\/v2\/posts"}],"about":[{"href":"https:\/\/www.quintavivaavida.pt\/pt-pt\/wp-json\/wp\/v2\/types\/post"}],"author":[{"embeddable":true,"href":"https:\/\/www.quintavivaavida.pt\/pt-pt\/wp-json\/wp\/v2\/users\/1"}],"replies":[{"embeddable":true,"href":"https:\/\/www.quintavivaavida.pt\/pt-pt\/wp-json\/wp\/v2\/comments?post=12029"}],"version-history":[{"count":3,"href":"https:\/\/www.quintavivaavida.pt\/pt-pt\/wp-json\/wp\/v2\/posts\/12029\/revisions"}],"predecessor-version":[{"id":12032,"href":"https:\/\/www.quintavivaavida.pt\/pt-pt\/wp-json\/wp\/v2\/posts\/12029\/revisions\/12032"}],"wp:featuredmedia":[{"embeddable":true,"href":"https:\/\/www.quintavivaavida.pt\/pt-pt\/wp-json\/wp\/v2\/media\/12003"}],"wp:attachment":[{"href":"https:\/\/www.quintavivaavida.pt\/pt-pt\/wp-json\/wp\/v2\/media?parent=12029"}],"wp:term":[{"taxonomy":"category","embeddable":true,"href":"https:\/\/www.quintavivaavida.pt\/pt-pt\/wp-json\/wp\/v2\/categories?post=12029"},{"taxonomy":"post_tag","embeddable":true,"href":"https:\/\/www.quintavivaavida.pt\/pt-pt\/wp-json\/wp\/v2\/tags?post=12029"}],"curies":[{"name":"wp","href":"https:\/\/api.w.org\/{rel}","templated":true}]}}