{"id":12025,"date":"2025-07-26T14:32:09","date_gmt":"2025-07-26T13:32:09","guid":{"rendered":"https:\/\/www.quintavivaavida.pt\/blog\/equivocos-sobre-a-doenca-celiaca-e-a-intolerancia-ao-gluten-esta-na-hora-de-esclarecer-as-coisas\/"},"modified":"2026-08-15T08:39:44","modified_gmt":"2026-08-15T07:39:44","slug":"equivocos-sobre-a-doenca-celiaca-e-a-intolerancia-ao-gluten-esta-na-hora-de-esclarecer-as-coisas","status":"publish","type":"post","link":"https:\/\/www.quintavivaavida.pt\/pt-pt\/blog\/equivocos-sobre-a-doenca-celiaca-e-a-intolerancia-ao-gluten-esta-na-hora-de-esclarecer-as-coisas\/","title":{"rendered":"Equ\u00edvocos sobre a doen\u00e7a cel\u00edaca e a intoler\u00e2ncia ao gl\u00faten: est\u00e1 na hora de esclarecer as coisas!\u201d"},"content":{"rendered":"\t\t<div data-elementor-type=\"wp-post\" data-elementor-id=\"12025\" class=\"elementor elementor-12025 elementor-3588\" data-elementor-post-type=\"post\">\n\t\t\t\t<div class=\"elementor-element elementor-element-107facd e-con-full center-box e-flex e-con e-parent\" data-id=\"107facd\" data-element_type=\"container\" data-e-type=\"container\">\n\t\t\t\t<div class=\"elementor-element elementor-element-231caaf elementor-widget elementor-widget-heading\" data-id=\"231caaf\" data-element_type=\"widget\" data-e-type=\"widget\" data-widget_type=\"heading.default\">\n\t\t\t\t<div class=\"elementor-widget-container\">\n\t\t\t\t\t<h1 class=\"elementor-heading-title elementor-size-default\">Equ\u00edvocos sobre a doen\u00e7a cel\u00edaca - Blog<\/h1>\t\t\t\t<\/div>\n\t\t\t\t<\/div>\n\t\t\t\t<div class=\"elementor-element elementor-element-0910cfb elementor-widget elementor-widget-heading\" data-id=\"0910cfb\" data-element_type=\"widget\" data-e-type=\"widget\" data-widget_type=\"heading.default\">\n\t\t\t\t<div class=\"elementor-widget-container\">\n\t\t\t\t\t<h2 class=\"elementor-heading-title elementor-size-default\">  O que \u00e9 que \u00e9 que \u00e9 mesmo verdade?<\/h2>\t\t\t\t<\/div>\n\t\t\t\t<\/div>\n\t\t\t\t<div class=\"elementor-element elementor-element-9c344be elementor-widget elementor-widget-text-editor\" data-id=\"9c344be\" data-element_type=\"widget\" data-e-type=\"widget\" data-widget_type=\"text-editor.default\">\n\t\t\t\t<div class=\"elementor-widget-container\">\n\t\t\t\t\t\t\t\t\t<p>Se tu (ou algu\u00e9m da tua fam\u00edlia) tens doen\u00e7a cel\u00edaca ou intoler\u00e2ncia ao gl\u00faten, de certeza que sabes que h\u00e1 muita confus\u00e3o em torno disso. Aqui no nosso B&B, ouvimos regularmente perguntas ou coment\u00e1rios bem-intencionados, mas que, na verdade, n\u00e3o est\u00e3o totalmente corretos. Por isso, reunimos aqui alguns dos equ\u00edvocos mais comuns \u2014 s\u00f3 para facilitar um pouco as coisas.  <\/p>\t\t\t\t\t\t\t\t<\/div>\n\t\t\t\t<\/div>\n\t\t\t\t<div class=\"elementor-element elementor-element-f837431 elementor-widget elementor-widget-heading\" data-id=\"f837431\" data-element_type=\"widget\" data-e-type=\"widget\" data-widget_type=\"heading.default\">\n\t\t\t\t<div class=\"elementor-widget-container\">\n\t\t\t\t\t<h2 class=\"elementor-heading-title elementor-size-default\">Um pouquinho de gl\u00faten n\u00e3o faz mal, pois n\u00e3o?<\/h2>\t\t\t\t<\/div>\n\t\t\t\t<\/div>\n\t\t\t\t<\/div>\n\t\t<div class=\"elementor-element elementor-element-c8151f4 e-con-full e-flex e-con e-parent\" data-id=\"c8151f4\" data-element_type=\"container\" data-e-type=\"container\">\n\t\t\t\t<div class=\"elementor-element elementor-element-b840f8e elementor-widget elementor-widget-text-editor\" data-id=\"b840f8e\" data-element_type=\"widget\" data-e-type=\"widget\" data-widget_type=\"text-editor.default\">\n\t\t\t\t<div class=\"elementor-widget-container\">\n\t\t\t\t\t\t\t\t\t<p>N\u00f3s percebemos de onde isto vem, mas, na doen\u00e7a cel\u00edaca, at\u00e9 mesmo uma migalha \u00e9 mesmo demais. O corpo reage de forma intensa ao gl\u00faten e isso pode danificar a parede intestinal. \u00c9 por isso que \u00e9 t\u00e3o importante que tudo seja mesmo 100% sem gl\u00faten \u2014 n\u00e3o s\u00f3 a comida em si, mas tamb\u00e9m a forma como \u00e9 preparada.  <\/p>\t\t\t\t\t\t\t\t<\/div>\n\t\t\t\t<\/div>\n\t\t\t\t<div class=\"elementor-element elementor-element-b74d83d elementor-widget elementor-widget-heading\" data-id=\"b74d83d\" data-element_type=\"widget\" data-e-type=\"widget\" data-widget_type=\"heading.default\">\n\t\t\t\t<div class=\"elementor-widget-container\">\n\t\t\t\t\t<h2 class=\"elementor-heading-title elementor-size-default\">A doen\u00e7a cel\u00edaca \u00e9 uma alergia?<\/h2>\t\t\t\t<\/div>\n\t\t\t\t<\/div>\n\t\t\t\t<div class=\"elementor-element elementor-element-8eca993 elementor-widget elementor-widget-text-editor\" data-id=\"8eca993\" data-element_type=\"widget\" data-e-type=\"widget\" data-widget_type=\"text-editor.default\">\n\t\t\t\t<div class=\"elementor-widget-container\">\n\t\t\t\t\t\t\t\t\t<p>\u00c9 o que muita gente pensa, mas a doen\u00e7a cel\u00edaca \u00e9, na verdade, uma doen\u00e7a autoimune. Isso significa que o corpo ataca-se a si pr\u00f3prio quando se ingere gl\u00faten. Por isso, \u00e9 algo completamente diferente de uma alergia alimentar. E, infelizmente, tamb\u00e9m n\u00e3o desaparece por si s\u00f3.   <\/p>\t\t\t\t\t\t\t\t<\/div>\n\t\t\t\t<\/div>\n\t\t\t\t<div class=\"elementor-element elementor-element-aa36e7c elementor-widget elementor-widget-heading\" data-id=\"aa36e7c\" data-element_type=\"widget\" data-e-type=\"widget\" data-widget_type=\"heading.default\">\n\t\t\t\t<div class=\"elementor-widget-container\">\n\t\t\t\t\t<h2 class=\"elementor-heading-title elementor-size-default\">Uma alimenta\u00e7\u00e3o sem gl\u00faten \u00e9, afinal, mais saud\u00e1vel para toda a gente, n\u00e3o \u00e9?<\/h2>\t\t\t\t<\/div>\n\t\t\t\t<\/div>\n\t\t\t\t<div class=\"elementor-element elementor-element-a335da5 elementor-widget elementor-widget-text-editor\" data-id=\"a335da5\" data-element_type=\"widget\" data-e-type=\"widget\" data-widget_type=\"text-editor.default\">\n\t\t\t\t<div class=\"elementor-widget-container\">\n\t\t\t\t\t\t\t\t\t<p>Ouves isso muitas vezes, mas n\u00e3o \u00e9 bem assim. Para quem n\u00e3o tem doen\u00e7a cel\u00edaca, uma dieta sem gl\u00faten n\u00e3o \u00e9 necessariamente mais saud\u00e1vel. Alguns produtos sem gl\u00faten t\u00eam menos fibras ou vitaminas. Quem segue uma dieta sem gl\u00faten nas f\u00e9rias em Portugal, geralmente f\u00e1-lo por necessidade, n\u00e3o por estar na moda.   <\/p>\t\t\t\t\t\t\t\t<\/div>\n\t\t\t\t<\/div>\n\t\t\t\t<div class=\"elementor-element elementor-element-77f2a3c elementor-widget elementor-widget-heading\" data-id=\"77f2a3c\" data-element_type=\"widget\" data-e-type=\"widget\" data-widget_type=\"heading.default\">\n\t\t\t\t<div class=\"elementor-widget-container\">\n\t\t\t\t\t<h2 class=\"elementor-heading-title elementor-size-default\">Posso jogar, certo?<\/h2>\t\t\t\t<\/div>\n\t\t\t\t<\/div>\n\t\t\t\t<div class=\"elementor-element elementor-element-30ab54b elementor-widget elementor-widget-text-editor\" data-id=\"30ab54b\" data-element_type=\"widget\" data-e-type=\"widget\" data-widget_type=\"text-editor.default\">\n\t\t\t\t<div class=\"elementor-widget-container\">\n\t\t\t\t\t\t\t\t\t<p>A espelta parece, claro, mais saud\u00e1vel, mas continua a conter gl\u00faten. Por isso, n\u00e3o \u00e9 segura para quem tem doen\u00e7a cel\u00edaca. Mesmo que seja muitas vezes vista como um cereal \u00absuave\u00bb, faz mesmo parte da lista de coisas que \u00e9 melhor evitares.  <\/p>\t\t\t\t\t\t\t\t<\/div>\n\t\t\t\t<\/div>\n\t\t\t\t<div class=\"elementor-element elementor-element-542ae6a elementor-widget elementor-widget-heading\" data-id=\"542ae6a\" data-element_type=\"widget\" data-e-type=\"widget\" data-widget_type=\"heading.default\">\n\t\t\t\t<div class=\"elementor-widget-container\">\n\t\t\t\t\t<h2 class=\"elementor-heading-title elementor-size-default\">\u00c9 poss\u00edvel comer sem gl\u00faten nos restaurantes em Portugal?<\/h2>\t\t\t\t<\/div>\n\t\t\t\t<\/div>\n\t\t\t\t<div class=\"elementor-element elementor-element-eb77523 elementor-widget elementor-widget-text-editor\" data-id=\"eb77523\" data-element_type=\"widget\" data-e-type=\"widget\" data-widget_type=\"text-editor.default\">\n\t\t\t\t<div class=\"elementor-widget-container\">\n\t\t\t\t\t\t\t\t\t<p>Num restaurante normal, infelizmente, n\u00e3o \u00e9 assim t\u00e3o simples. O risco de contamina\u00e7\u00e3o cruzada \u00e9 grande. Pensa, por exemplo, numa t\u00e1bua de cortar onde acabou de estar p\u00e3o, ou num molho com um pouquinho de farinha. Connosco, felizmente, n\u00e3o precisas de te preocupar com isso. Tudo \u00e9 sem gl\u00faten \u2013 desde o pequeno-almo\u00e7o at\u00e9 ao jantar, e at\u00e9 mesmo os petiscos e as bebidas.    <\/p>\t\t\t\t\t\t\t\t<\/div>\n\t\t\t\t<\/div>\n\t\t\t\t<div class=\"elementor-element elementor-element-44061b1 elementor-widget elementor-widget-heading\" data-id=\"44061b1\" data-element_type=\"widget\" data-e-type=\"widget\" data-widget_type=\"heading.default\">\n\t\t\t\t<div class=\"elementor-widget-container\">\n\t\t\t\t\t<h1 class=\"elementor-heading-title elementor-size-default\">Connosco, n\u00e3o precisas de explicar nada<\/h1>\t\t\t\t<\/div>\n\t\t\t\t<\/div>\n\t\t\t\t<div class=\"elementor-element elementor-element-7375fad elementor-widget elementor-widget-text-editor\" data-id=\"7375fad\" data-element_type=\"widget\" data-e-type=\"widget\" data-widget_type=\"text-editor.default\">\n\t\t\t\t<div class=\"elementor-widget-container\">\n\t\t\t\t\t\t\t\t\t<p>Sabemos exatamente do que precisas. Aqui, n\u00e3o precisas de explicar o que \u00e9 a doen\u00e7a cel\u00edaca. N\u00e3o precisas de te preocupar se a comida \u00e9 segura. Tudo o que servimos \u00e9 sem gl\u00faten. Sempre.<br data-start=\"2623\" data-end=\"2626\"\/>Assim, podes simplesmente aproveitar as tuas f\u00e9rias, tal como toda a gente.    <\/p>\t\t\t\t\t\t\t\t<\/div>\n\t\t\t\t<\/div>\n\t\t\t\t<\/div>\n\t\t\t\t<\/div>\n\t\t","protected":false},"excerpt":{"rendered":"<p>Equ\u00edvocos sobre a doen\u00e7a cel\u00edaca - Blog O que \u00e9 que \u00e9 que \u00e9 mesmo verdade? Se tu (ou algu\u00e9m da tua fam\u00edlia) tens doen\u00e7a cel\u00edaca ou intoler\u00e2ncia ao gl\u00faten, de certeza que sabes que h\u00e1 muita confus\u00e3o em torno disso. Aqui no nosso B&#038;B, ouvimos regularmente perguntas ou coment\u00e1rios bem-intencionados, mas que, na verdade,<\/p>\n","protected":false},"author":1,"featured_media":12026,"comment_status":"open","ping_status":"open","sticky":false,"template":"","format":"standard","meta":{"solace_meta_sidebar":"","solace_meta_container":"","solace_meta_enable_content_width":"","solace_meta_content_width":0,"solace_meta_title_alignment":"","solace_meta_author_avatar":"","solace_post_elements_order":"","solace_meta_disable_header":"","solace_meta_disable_footer":"","solace_meta_disable_title":"","footnotes":""},"categories":[72],"tags":[],"class_list":["post-12025","post","type-post","status-publish","format-standard","has-post-thumbnail","hentry","category-doenca-celiaca-e-alimentacao-sem-gluten-em-portugal"],"yoast_head":"<!-- This site is optimized with the Yoast SEO plugin v28.2 - https:\/\/yoast.com\/product\/yoast-seo-wordpress\/ -->\n<title>Equ\u00edvocos sobre a doen\u00e7a cel\u00edaca: o que \u00e9 que \u00e9 mesmo verdade?<\/title>\n<meta name=\"description\" content=\"Reunimos aqui os maiores equ\u00edvocos sobre a doen\u00e7a cel\u00edaca e a intoler\u00e2ncia ao gl\u00faten. Descobre o que \u00e9 verdade e o que n\u00e3o \u00e9.\" \/>\n<meta name=\"robots\" content=\"index, follow, max-snippet:-1, max-image-preview:large, max-video-preview:-1\" \/>\n<link rel=\"canonical\" href=\"https:\/\/www.quintavivaavida.pt\/pt-pt\/blog\/equivocos-sobre-a-doenca-celiaca-e-a-intolerancia-ao-gluten-esta-na-hora-de-esclarecer-as-coisas\/\" \/>\n<meta property=\"og:locale\" content=\"pt_PT\" \/>\n<meta property=\"og:type\" content=\"article\" \/>\n<meta property=\"og:title\" content=\"Equ\u00edvocos sobre a doen\u00e7a cel\u00edaca: o que \u00e9 que \u00e9 mesmo verdade?\" \/>\n<meta property=\"og:description\" content=\"Reunimos aqui os maiores equ\u00edvocos sobre a doen\u00e7a cel\u00edaca e a intoler\u00e2ncia ao gl\u00faten. Descobre o que \u00e9 verdade e o que n\u00e3o \u00e9.\" \/>\n<meta property=\"og:url\" content=\"https:\/\/www.quintavivaavida.pt\/pt-pt\/blog\/equivocos-sobre-a-doenca-celiaca-e-a-intolerancia-ao-gluten-esta-na-hora-de-esclarecer-as-coisas\/\" \/>\n<meta property=\"og:site_name\" content=\"Quinta Viva a Vida - Glutenvrije vakantie in Portugal\" \/>\n<meta property=\"article:publisher\" content=\"https:\/\/www.facebook.com\/glutenvrijportugal\" \/>\n<meta property=\"article:published_time\" content=\"2025-07-26T13:32:09+00:00\" \/>\n<meta property=\"article:modified_time\" content=\"2026-08-15T07:39:44+00:00\" \/>\n<meta property=\"og:image\" content=\"https:\/\/www.quintavivaavida.pt\/wp-content\/uploads\/2025\/10\/glutenvrije-pizza-houtoven-bb-portugal.jpg.webp\" \/>\n\t<meta property=\"og:image:width\" content=\"1920\" \/>\n\t<meta property=\"og:image:height\" content=\"1282\" \/>\n\t<meta property=\"og:image:type\" content=\"image\/webp\" \/>\n<meta name=\"author\" content=\"PSchouten\" \/>\n<meta name=\"twitter:card\" content=\"summary_large_image\" \/>\n<meta name=\"twitter:label1\" content=\"Escrito por\" \/>\n\t<meta name=\"twitter:data1\" content=\"PSchouten\" \/>\n\t<meta name=\"twitter:label2\" content=\"Tempo estimado de leitura\" \/>\n\t<meta name=\"twitter:data2\" content=\"2 minutos\" \/>\n<script type=\"application\/ld+json\" class=\"yoast-schema-graph\">{\"@context\":\"https:\\\/\\\/schema.org\",\"@graph\":[{\"@type\":\"Article\",\"@id\":\"https:\\\/\\\/www.quintavivaavida.pt\\\/pt-pt\\\/blog\\\/equivocos-sobre-a-doenca-celiaca-e-a-intolerancia-ao-gluten-esta-na-hora-de-esclarecer-as-coisas\\\/#article\",\"isPartOf\":{\"@id\":\"https:\\\/\\\/www.quintavivaavida.pt\\\/pt-pt\\\/blog\\\/equivocos-sobre-a-doenca-celiaca-e-a-intolerancia-ao-gluten-esta-na-hora-de-esclarecer-as-coisas\\\/\"},\"author\":{\"name\":\"PSchouten\",\"@id\":\"https:\\\/\\\/www.quintavivaavida.pt\\\/pt-pt\\\/#\\\/schema\\\/person\\\/91b33815eb5890e91cd403ad0fea9a00\"},\"headline\":\"Equ\u00edvocos sobre a doen\u00e7a cel\u00edaca e a intoler\u00e2ncia ao gl\u00faten: est\u00e1 na hora de esclarecer as coisas!\u201d\",\"datePublished\":\"2025-07-26T13:32:09+00:00\",\"dateModified\":\"2026-08-15T07:39:44+00:00\",\"mainEntityOfPage\":{\"@id\":\"https:\\\/\\\/www.quintavivaavida.pt\\\/pt-pt\\\/blog\\\/equivocos-sobre-a-doenca-celiaca-e-a-intolerancia-ao-gluten-esta-na-hora-de-esclarecer-as-coisas\\\/\"},\"wordCount\":502,\"commentCount\":0,\"publisher\":{\"@id\":\"https:\\\/\\\/www.quintavivaavida.pt\\\/pt-pt\\\/#organization\"},\"image\":{\"@id\":\"https:\\\/\\\/www.quintavivaavida.pt\\\/pt-pt\\\/blog\\\/equivocos-sobre-a-doenca-celiaca-e-a-intolerancia-ao-gluten-esta-na-hora-de-esclarecer-as-coisas\\\/#primaryimage\"},\"thumbnailUrl\":\"https:\\\/\\\/www.quintavivaavida.pt\\\/wp-content\\\/uploads\\\/2025\\\/10\\\/glutenvrije-pizza-houtoven-bb-portugal.jpg.webp\",\"articleSection\":[\"Doen\u00e7a cel\u00edaca e alimenta\u00e7\u00e3o sem gl\u00faten em Portugal\"],\"inLanguage\":\"pt-PT\",\"potentialAction\":[{\"@type\":\"CommentAction\",\"name\":\"Comment\",\"target\":[\"https:\\\/\\\/www.quintavivaavida.pt\\\/pt-pt\\\/blog\\\/equivocos-sobre-a-doenca-celiaca-e-a-intolerancia-ao-gluten-esta-na-hora-de-esclarecer-as-coisas\\\/#respond\"]}]},{\"@type\":\"WebPage\",\"@id\":\"https:\\\/\\\/www.quintavivaavida.pt\\\/pt-pt\\\/blog\\\/equivocos-sobre-a-doenca-celiaca-e-a-intolerancia-ao-gluten-esta-na-hora-de-esclarecer-as-coisas\\\/\",\"url\":\"https:\\\/\\\/www.quintavivaavida.pt\\\/pt-pt\\\/blog\\\/equivocos-sobre-a-doenca-celiaca-e-a-intolerancia-ao-gluten-esta-na-hora-de-esclarecer-as-coisas\\\/\",\"name\":\"Equ\u00edvocos sobre a doen\u00e7a cel\u00edaca: o que \u00e9 que \u00e9 mesmo verdade?\",\"isPartOf\":{\"@id\":\"https:\\\/\\\/www.quintavivaavida.pt\\\/pt-pt\\\/#website\"},\"primaryImageOfPage\":{\"@id\":\"https:\\\/\\\/www.quintavivaavida.pt\\\/pt-pt\\\/blog\\\/equivocos-sobre-a-doenca-celiaca-e-a-intolerancia-ao-gluten-esta-na-hora-de-esclarecer-as-coisas\\\/#primaryimage\"},\"image\":{\"@id\":\"https:\\\/\\\/www.quintavivaavida.pt\\\/pt-pt\\\/blog\\\/equivocos-sobre-a-doenca-celiaca-e-a-intolerancia-ao-gluten-esta-na-hora-de-esclarecer-as-coisas\\\/#primaryimage\"},\"thumbnailUrl\":\"https:\\\/\\\/www.quintavivaavida.pt\\\/wp-content\\\/uploads\\\/2025\\\/10\\\/glutenvrije-pizza-houtoven-bb-portugal.jpg.webp\",\"datePublished\":\"2025-07-26T13:32:09+00:00\",\"dateModified\":\"2026-08-15T07:39:44+00:00\",\"description\":\"Reunimos aqui os maiores equ\u00edvocos sobre a doen\u00e7a cel\u00edaca e a intoler\u00e2ncia ao gl\u00faten. Descobre o que \u00e9 verdade e o que n\u00e3o \u00e9.\",\"breadcrumb\":{\"@id\":\"https:\\\/\\\/www.quintavivaavida.pt\\\/pt-pt\\\/blog\\\/equivocos-sobre-a-doenca-celiaca-e-a-intolerancia-ao-gluten-esta-na-hora-de-esclarecer-as-coisas\\\/#breadcrumb\"},\"inLanguage\":\"pt-PT\",\"potentialAction\":[{\"@type\":\"ReadAction\",\"target\":[\"https:\\\/\\\/www.quintavivaavida.pt\\\/pt-pt\\\/blog\\\/equivocos-sobre-a-doenca-celiaca-e-a-intolerancia-ao-gluten-esta-na-hora-de-esclarecer-as-coisas\\\/\"]}]},{\"@type\":\"ImageObject\",\"inLanguage\":\"pt-PT\",\"@id\":\"https:\\\/\\\/www.quintavivaavida.pt\\\/pt-pt\\\/blog\\\/equivocos-sobre-a-doenca-celiaca-e-a-intolerancia-ao-gluten-esta-na-hora-de-esclarecer-as-coisas\\\/#primaryimage\",\"url\":\"https:\\\/\\\/www.quintavivaavida.pt\\\/wp-content\\\/uploads\\\/2025\\\/10\\\/glutenvrije-pizza-houtoven-bb-portugal.jpg.webp\",\"contentUrl\":\"https:\\\/\\\/www.quintavivaavida.pt\\\/wp-content\\\/uploads\\\/2025\\\/10\\\/glutenvrije-pizza-houtoven-bb-portugal.jpg.webp\",\"width\":1920,\"height\":1282,\"caption\":\"Desfruta de uma pizza sem gl\u00faten acabada de fazer no nosso forno a lenha \u2013 um jantar delicioso durante as tuas f\u00e9rias sem gl\u00faten em Portugal.\"},{\"@type\":\"BreadcrumbList\",\"@id\":\"https:\\\/\\\/www.quintavivaavida.pt\\\/pt-pt\\\/blog\\\/equivocos-sobre-a-doenca-celiaca-e-a-intolerancia-ao-gluten-esta-na-hora-de-esclarecer-as-coisas\\\/#breadcrumb\",\"itemListElement\":[{\"@type\":\"ListItem\",\"position\":1,\"name\":\"In\u00edcio\",\"item\":\"https:\\\/\\\/www.quintavivaavida.pt\\\/pt-pt\\\/passar-ferias-no-norte-de-portugal-quinta-viva-a-vida\\\/\"},{\"@type\":\"ListItem\",\"position\":2,\"name\":\"Equ\u00edvocos sobre a doen\u00e7a cel\u00edaca e a intoler\u00e2ncia ao gl\u00faten\"}]},{\"@type\":\"WebSite\",\"@id\":\"https:\\\/\\\/www.quintavivaavida.pt\\\/pt-pt\\\/#website\",\"url\":\"https:\\\/\\\/www.quintavivaavida.pt\\\/pt-pt\\\/\",\"name\":\"Gluttenvrije Vakantie in Portugal | Quinta Viva a Vida\",\"description\":\"Een 100% glutenvrije vakantieplek in Noord-Portugal, waar mensen met coeliakie en hun gezin zorgeloos kunnen genieten.\",\"publisher\":{\"@id\":\"https:\\\/\\\/www.quintavivaavida.pt\\\/pt-pt\\\/#organization\"},\"potentialAction\":[{\"@type\":\"SearchAction\",\"target\":{\"@type\":\"EntryPoint\",\"urlTemplate\":\"https:\\\/\\\/www.quintavivaavida.pt\\\/pt-pt\\\/?s={search_term_string}\"},\"query-input\":{\"@type\":\"PropertyValueSpecification\",\"valueRequired\":true,\"valueName\":\"search_term_string\"}}],\"inLanguage\":\"pt-PT\"},{\"@type\":\"Organization\",\"@id\":\"https:\\\/\\\/www.quintavivaavida.pt\\\/pt-pt\\\/#organization\",\"name\":\"Quinta Nosso Sohno\",\"url\":\"https:\\\/\\\/www.quintavivaavida.pt\\\/pt-pt\\\/\",\"logo\":{\"@type\":\"ImageObject\",\"inLanguage\":\"pt-PT\",\"@id\":\"https:\\\/\\\/www.quintavivaavida.pt\\\/pt-pt\\\/#\\\/schema\\\/logo\\\/image\\\/\",\"url\":\"\",\"contentUrl\":\"\",\"caption\":\"Quinta Nosso Sohno\"},\"image\":{\"@id\":\"https:\\\/\\\/www.quintavivaavida.pt\\\/pt-pt\\\/#\\\/schema\\\/logo\\\/image\\\/\"},\"sameAs\":[\"https:\\\/\\\/www.facebook.com\\\/glutenvrijportugal\",\"https:\\\/\\\/www.instagram.com\\\/glutenvrijebenbinportugal\\\/\"]},{\"@type\":\"Person\",\"@id\":\"https:\\\/\\\/www.quintavivaavida.pt\\\/pt-pt\\\/#\\\/schema\\\/person\\\/91b33815eb5890e91cd403ad0fea9a00\",\"name\":\"PSchouten\",\"image\":{\"@type\":\"ImageObject\",\"inLanguage\":\"pt-PT\",\"@id\":\"https:\\\/\\\/secure.gravatar.com\\\/avatar\\\/846ffc2a29ad17bfdddbf0efa1c92885adb920eec14ca0dbbc3cd15063b0d4e0?s=96&d=mm&r=g\",\"url\":\"https:\\\/\\\/secure.gravatar.com\\\/avatar\\\/846ffc2a29ad17bfdddbf0efa1c92885adb920eec14ca0dbbc3cd15063b0d4e0?s=96&d=mm&r=g\",\"contentUrl\":\"https:\\\/\\\/secure.gravatar.com\\\/avatar\\\/846ffc2a29ad17bfdddbf0efa1c92885adb920eec14ca0dbbc3cd15063b0d4e0?s=96&d=mm&r=g\",\"caption\":\"PSchouten\"},\"sameAs\":[\"https:\\\/\\\/quintavivaavida.pt\"],\"url\":\"https:\\\/\\\/www.quintavivaavida.pt\\\/pt-pt\\\/blog\\\/author\\\/pschouten\\\/\"}]}<\/script>\n<!-- \/ Yoast SEO plugin. -->","yoast_head_json":{"title":"Equ\u00edvocos sobre a doen\u00e7a cel\u00edaca: o que \u00e9 que \u00e9 mesmo verdade?","description":"Reunimos aqui os maiores equ\u00edvocos sobre a doen\u00e7a cel\u00edaca e a intoler\u00e2ncia ao gl\u00faten. Descobre o que \u00e9 verdade e o que n\u00e3o \u00e9.","robots":{"index":"index","follow":"follow","max-snippet":"max-snippet:-1","max-image-preview":"max-image-preview:large","max-video-preview":"max-video-preview:-1"},"canonical":"https:\/\/www.quintavivaavida.pt\/pt-pt\/blog\/equivocos-sobre-a-doenca-celiaca-e-a-intolerancia-ao-gluten-esta-na-hora-de-esclarecer-as-coisas\/","og_locale":"pt_PT","og_type":"article","og_title":"Equ\u00edvocos sobre a doen\u00e7a cel\u00edaca: o que \u00e9 que \u00e9 mesmo verdade?","og_description":"Reunimos aqui os maiores equ\u00edvocos sobre a doen\u00e7a cel\u00edaca e a intoler\u00e2ncia ao gl\u00faten. Descobre o que \u00e9 verdade e o que n\u00e3o \u00e9.","og_url":"https:\/\/www.quintavivaavida.pt\/pt-pt\/blog\/equivocos-sobre-a-doenca-celiaca-e-a-intolerancia-ao-gluten-esta-na-hora-de-esclarecer-as-coisas\/","og_site_name":"Quinta Viva a Vida - Glutenvrije vakantie in Portugal","article_publisher":"https:\/\/www.facebook.com\/glutenvrijportugal","article_published_time":"2025-07-26T13:32:09+00:00","article_modified_time":"2026-08-15T07:39:44+00:00","og_image":[{"width":1920,"height":1282,"url":"https:\/\/www.quintavivaavida.pt\/wp-content\/uploads\/2025\/10\/glutenvrije-pizza-houtoven-bb-portugal.jpg.webp","type":"image\/webp"}],"author":"PSchouten","twitter_card":"summary_large_image","twitter_misc":{"Escrito por":"PSchouten","Tempo estimado de leitura":"2 minutos"},"schema":{"@context":"https:\/\/schema.org","@graph":[{"@type":"Article","@id":"https:\/\/www.quintavivaavida.pt\/pt-pt\/blog\/equivocos-sobre-a-doenca-celiaca-e-a-intolerancia-ao-gluten-esta-na-hora-de-esclarecer-as-coisas\/#article","isPartOf":{"@id":"https:\/\/www.quintavivaavida.pt\/pt-pt\/blog\/equivocos-sobre-a-doenca-celiaca-e-a-intolerancia-ao-gluten-esta-na-hora-de-esclarecer-as-coisas\/"},"author":{"name":"PSchouten","@id":"https:\/\/www.quintavivaavida.pt\/pt-pt\/#\/schema\/person\/91b33815eb5890e91cd403ad0fea9a00"},"headline":"Equ\u00edvocos sobre a doen\u00e7a cel\u00edaca e a intoler\u00e2ncia ao gl\u00faten: est\u00e1 na hora de esclarecer as coisas!\u201d","datePublished":"2025-07-26T13:32:09+00:00","dateModified":"2026-08-15T07:39:44+00:00","mainEntityOfPage":{"@id":"https:\/\/www.quintavivaavida.pt\/pt-pt\/blog\/equivocos-sobre-a-doenca-celiaca-e-a-intolerancia-ao-gluten-esta-na-hora-de-esclarecer-as-coisas\/"},"wordCount":502,"commentCount":0,"publisher":{"@id":"https:\/\/www.quintavivaavida.pt\/pt-pt\/#organization"},"image":{"@id":"https:\/\/www.quintavivaavida.pt\/pt-pt\/blog\/equivocos-sobre-a-doenca-celiaca-e-a-intolerancia-ao-gluten-esta-na-hora-de-esclarecer-as-coisas\/#primaryimage"},"thumbnailUrl":"https:\/\/www.quintavivaavida.pt\/wp-content\/uploads\/2025\/10\/glutenvrije-pizza-houtoven-bb-portugal.jpg.webp","articleSection":["Doen\u00e7a cel\u00edaca e alimenta\u00e7\u00e3o sem gl\u00faten em Portugal"],"inLanguage":"pt-PT","potentialAction":[{"@type":"CommentAction","name":"Comment","target":["https:\/\/www.quintavivaavida.pt\/pt-pt\/blog\/equivocos-sobre-a-doenca-celiaca-e-a-intolerancia-ao-gluten-esta-na-hora-de-esclarecer-as-coisas\/#respond"]}]},{"@type":"WebPage","@id":"https:\/\/www.quintavivaavida.pt\/pt-pt\/blog\/equivocos-sobre-a-doenca-celiaca-e-a-intolerancia-ao-gluten-esta-na-hora-de-esclarecer-as-coisas\/","url":"https:\/\/www.quintavivaavida.pt\/pt-pt\/blog\/equivocos-sobre-a-doenca-celiaca-e-a-intolerancia-ao-gluten-esta-na-hora-de-esclarecer-as-coisas\/","name":"Equ\u00edvocos sobre a doen\u00e7a cel\u00edaca: o que \u00e9 que \u00e9 mesmo verdade?","isPartOf":{"@id":"https:\/\/www.quintavivaavida.pt\/pt-pt\/#website"},"primaryImageOfPage":{"@id":"https:\/\/www.quintavivaavida.pt\/pt-pt\/blog\/equivocos-sobre-a-doenca-celiaca-e-a-intolerancia-ao-gluten-esta-na-hora-de-esclarecer-as-coisas\/#primaryimage"},"image":{"@id":"https:\/\/www.quintavivaavida.pt\/pt-pt\/blog\/equivocos-sobre-a-doenca-celiaca-e-a-intolerancia-ao-gluten-esta-na-hora-de-esclarecer-as-coisas\/#primaryimage"},"thumbnailUrl":"https:\/\/www.quintavivaavida.pt\/wp-content\/uploads\/2025\/10\/glutenvrije-pizza-houtoven-bb-portugal.jpg.webp","datePublished":"2025-07-26T13:32:09+00:00","dateModified":"2026-08-15T07:39:44+00:00","description":"Reunimos aqui os maiores equ\u00edvocos sobre a doen\u00e7a cel\u00edaca e a intoler\u00e2ncia ao gl\u00faten. Descobre o que \u00e9 verdade e o que n\u00e3o \u00e9.","breadcrumb":{"@id":"https:\/\/www.quintavivaavida.pt\/pt-pt\/blog\/equivocos-sobre-a-doenca-celiaca-e-a-intolerancia-ao-gluten-esta-na-hora-de-esclarecer-as-coisas\/#breadcrumb"},"inLanguage":"pt-PT","potentialAction":[{"@type":"ReadAction","target":["https:\/\/www.quintavivaavida.pt\/pt-pt\/blog\/equivocos-sobre-a-doenca-celiaca-e-a-intolerancia-ao-gluten-esta-na-hora-de-esclarecer-as-coisas\/"]}]},{"@type":"ImageObject","inLanguage":"pt-PT","@id":"https:\/\/www.quintavivaavida.pt\/pt-pt\/blog\/equivocos-sobre-a-doenca-celiaca-e-a-intolerancia-ao-gluten-esta-na-hora-de-esclarecer-as-coisas\/#primaryimage","url":"https:\/\/www.quintavivaavida.pt\/wp-content\/uploads\/2025\/10\/glutenvrije-pizza-houtoven-bb-portugal.jpg.webp","contentUrl":"https:\/\/www.quintavivaavida.pt\/wp-content\/uploads\/2025\/10\/glutenvrije-pizza-houtoven-bb-portugal.jpg.webp","width":1920,"height":1282,"caption":"Desfruta de uma pizza sem gl\u00faten acabada de fazer no nosso forno a lenha \u2013 um jantar delicioso durante as tuas f\u00e9rias sem gl\u00faten em Portugal."},{"@type":"BreadcrumbList","@id":"https:\/\/www.quintavivaavida.pt\/pt-pt\/blog\/equivocos-sobre-a-doenca-celiaca-e-a-intolerancia-ao-gluten-esta-na-hora-de-esclarecer-as-coisas\/#breadcrumb","itemListElement":[{"@type":"ListItem","position":1,"name":"In\u00edcio","item":"https:\/\/www.quintavivaavida.pt\/pt-pt\/passar-ferias-no-norte-de-portugal-quinta-viva-a-vida\/"},{"@type":"ListItem","position":2,"name":"Equ\u00edvocos sobre a doen\u00e7a cel\u00edaca e a intoler\u00e2ncia ao gl\u00faten"}]},{"@type":"WebSite","@id":"https:\/\/www.quintavivaavida.pt\/pt-pt\/#website","url":"https:\/\/www.quintavivaavida.pt\/pt-pt\/","name":"Gluttenvrije Vakantie in Portugal | Quinta Viva a Vida","description":"Een 100% glutenvrije vakantieplek in Noord-Portugal, waar mensen met coeliakie en hun gezin zorgeloos kunnen genieten.","publisher":{"@id":"https:\/\/www.quintavivaavida.pt\/pt-pt\/#organization"},"potentialAction":[{"@type":"SearchAction","target":{"@type":"EntryPoint","urlTemplate":"https:\/\/www.quintavivaavida.pt\/pt-pt\/?s={search_term_string}"},"query-input":{"@type":"PropertyValueSpecification","valueRequired":true,"valueName":"search_term_string"}}],"inLanguage":"pt-PT"},{"@type":"Organization","@id":"https:\/\/www.quintavivaavida.pt\/pt-pt\/#organization","name":"Quinta Nosso Sohno","url":"https:\/\/www.quintavivaavida.pt\/pt-pt\/","logo":{"@type":"ImageObject","inLanguage":"pt-PT","@id":"https:\/\/www.quintavivaavida.pt\/pt-pt\/#\/schema\/logo\/image\/","url":"","contentUrl":"","caption":"Quinta Nosso Sohno"},"image":{"@id":"https:\/\/www.quintavivaavida.pt\/pt-pt\/#\/schema\/logo\/image\/"},"sameAs":["https:\/\/www.facebook.com\/glutenvrijportugal","https:\/\/www.instagram.com\/glutenvrijebenbinportugal\/"]},{"@type":"Person","@id":"https:\/\/www.quintavivaavida.pt\/pt-pt\/#\/schema\/person\/91b33815eb5890e91cd403ad0fea9a00","name":"PSchouten","image":{"@type":"ImageObject","inLanguage":"pt-PT","@id":"https:\/\/secure.gravatar.com\/avatar\/846ffc2a29ad17bfdddbf0efa1c92885adb920eec14ca0dbbc3cd15063b0d4e0?s=96&d=mm&r=g","url":"https:\/\/secure.gravatar.com\/avatar\/846ffc2a29ad17bfdddbf0efa1c92885adb920eec14ca0dbbc3cd15063b0d4e0?s=96&d=mm&r=g","contentUrl":"https:\/\/secure.gravatar.com\/avatar\/846ffc2a29ad17bfdddbf0efa1c92885adb920eec14ca0dbbc3cd15063b0d4e0?s=96&d=mm&r=g","caption":"PSchouten"},"sameAs":["https:\/\/quintavivaavida.pt"],"url":"https:\/\/www.quintavivaavida.pt\/pt-pt\/blog\/author\/pschouten\/"}]}},"_links":{"self":[{"href":"https:\/\/www.quintavivaavida.pt\/pt-pt\/wp-json\/wp\/v2\/posts\/12025","targetHints":{"allow":["GET"]}}],"collection":[{"href":"https:\/\/www.quintavivaavida.pt\/pt-pt\/wp-json\/wp\/v2\/posts"}],"about":[{"href":"https:\/\/www.quintavivaavida.pt\/pt-pt\/wp-json\/wp\/v2\/types\/post"}],"author":[{"embeddable":true,"href":"https:\/\/www.quintavivaavida.pt\/pt-pt\/wp-json\/wp\/v2\/users\/1"}],"replies":[{"embeddable":true,"href":"https:\/\/www.quintavivaavida.pt\/pt-pt\/wp-json\/wp\/v2\/comments?post=12025"}],"version-history":[{"count":1,"href":"https:\/\/www.quintavivaavida.pt\/pt-pt\/wp-json\/wp\/v2\/posts\/12025\/revisions"}],"predecessor-version":[{"id":12028,"href":"https:\/\/www.quintavivaavida.pt\/pt-pt\/wp-json\/wp\/v2\/posts\/12025\/revisions\/12028"}],"wp:featuredmedia":[{"embeddable":true,"href":"https:\/\/www.quintavivaavida.pt\/pt-pt\/wp-json\/wp\/v2\/media\/12026"}],"wp:attachment":[{"href":"https:\/\/www.quintavivaavida.pt\/pt-pt\/wp-json\/wp\/v2\/media?parent=12025"}],"wp:term":[{"taxonomy":"category","embeddable":true,"href":"https:\/\/www.quintavivaavida.pt\/pt-pt\/wp-json\/wp\/v2\/categories?post=12025"},{"taxonomy":"post_tag","embeddable":true,"href":"https:\/\/www.quintavivaavida.pt\/pt-pt\/wp-json\/wp\/v2\/tags?post=12025"}],"curies":[{"name":"wp","href":"https:\/\/api.w.org\/{rel}","templated":true}]}}